{"id":9565,"date":"2025-06-11T14:39:58","date_gmt":"2025-06-11T12:39:58","guid":{"rendered":"https:\/\/lazio.cultura.gov.it\/?p=9565"},"modified":"2025-06-19T16:01:46","modified_gmt":"2025-06-19T14:01:46","slug":"roma-dal-14-giugno-apre-palazzo-san-felice-futura-sede-della-biblioteca-di-archeologia-e-storia-dellarte","status":"publish","type":"post","link":"https:\/\/lazio.cultura.gov.it\/?p=9565","title":{"rendered":"Roma. Dal 14 giugno apre Palazzo San Felice, futura sede della Biblioteca di archeologia e storia dell\u2019arte"},"content":{"rendered":"\n<p class=\"has-text-align-center\"><strong>Cultura in cantiere<\/strong><\/p>\n\n\n\n<div class=\"wp-block-columns is-layout-flex wp-container-core-columns-is-layout-1 wp-block-columns-is-layout-flex\"><\/div>\n\n\n\n<div class=\"wp-block-columns is-layout-flex wp-container-core-columns-is-layout-2 wp-block-columns-is-layout-flex\"><\/div>\n\n\n\n<p><\/p>\n\n\n\n<p><strong>Palazzo San Felice<\/strong> a Roma si prepara a diventare nuovo polo culturale nonch\u00e9 futura sede della <strong>Biblioteca di Archeologia e Storia dell\u2019Arte (BIASA)<\/strong>.&nbsp;Convento cappuccino, residenza pontificia, caserma, infine edificio in dotazione alla&nbsp;Presidenza della Repubblica, Palazzo San Felice incarna la&nbsp;<strong>memoria urbana&nbsp;<\/strong>e ne riflette i cambiamenti politici e sociali nel corso dei secoli. Grazie al progetto di&nbsp;<strong>rifunzionalizzazione&nbsp;<\/strong>del complesso, promosso dalla Presidenza della Repubblica e dal Ministero della Cultura e attuato dall\u2019Agenzia del Demanio nell\u2019ambito del <strong>Piano strategico \u201cGrandi progetti beni culturali\u201d<\/strong>, le istituzioni restituiscono alla collettivit\u00e0 un edificio storico di grande valore,<strong> <\/strong>ripensato come spazio di conoscenza e partecipazione per la valorizzazione del patrimonio pubblico.<\/p>\n\n\n\n<div class=\"wp-block-columns is-layout-flex wp-container-core-columns-is-layout-3 wp-block-columns-is-layout-flex\"><\/div>\n\n\n\n<p><\/p>\n\n\n\n<p>Con <strong>decreto n. 31\/2019 <\/strong>della<strong> <a href=\"https:\/\/lazio.cultura.gov.it\/?page_id=2853\" data-type=\"link\" data-id=\"https:\/\/lazio.cultura.gov.it\/?page_id=2853\" target=\"_blank\" rel=\"noreferrer noopener\">Commissione regionale per il patrimonio culturale<\/a><\/strong>, Palazzo S. Felice \u00e8 stato dichiarato di interesse storico-artistico particolarmente importante su istanza di verifica dell\u2019interesse culturale dell\u2019Agenzia del Demanio ai sensi dell\u2019art.12 del D.Lgs 42\/2004 e a seguito del parere espresso dal competente <strong>Comitato tecnico-scientifico<\/strong> nel 2018, che ha riconosciuto l\u2019interesse culturale del complesso architettonico di San Felice come organismo unitario nella sua totalit\u00e0.<\/p>\n\n\n\n<div class=\"wp-block-columns is-layout-flex wp-container-core-columns-is-layout-4 wp-block-columns-is-layout-flex\"><\/div>\n\n\n\n<div class=\"wp-block-group is-nowrap is-layout-flex wp-container-core-group-is-layout-1 wp-block-group-is-layout-flex\">\n<p>&nbsp;L\u2019intero compendio, ubicato in via della Dataria 21 nel Rione Trevi, in posizione antistante al Palazzo del Quirinale, \u00e8 una testimonianza storica e culturale di un processo storico-evolutivo che vede trasformare gli spazi e le strutture dei complessi conventuali dei monaci Benedettini e dei frati Cappuccini in un complesso architettonico destinato ad abitazioni della Famiglia Pontificia (1631) fino ad assumere, dopo la riorganizzazione dell\u2019area e la ricostruzione del Palazzo nel 1864 ad opera dell\u2019architetto Filippo Martinucci, l\u2019odierna configurazione. Si ritiene pertanto che il complesso di San Felice nella sua totalit\u00e0 sia un importante esempio dei numerosi processi di stratificazione e di trasformazione subiti dalle architetture ecclesiastiche nel corso dei secoli e rivesta interesse culturale ai sensi dell&#8217;art. l0 comma 1) del D.Lgs. n. 42\/2004.<\/p>\n<\/div>\n\n\n\n<div class=\"wp-block-columns is-layout-flex wp-container-core-columns-is-layout-5 wp-block-columns-is-layout-flex\"><\/div>\n\n\n\n<div class=\"wp-block-columns is-layout-flex wp-container-core-columns-is-layout-6 wp-block-columns-is-layout-flex\"><\/div>\n\n\n\n<div class=\"wp-block-columns is-layout-flex wp-container-core-columns-is-layout-7 wp-block-columns-is-layout-flex\"><\/div>\n\n\n\n<p><\/p>\n\n\n\n<p><\/p>\n\n\n<div class=\"wp-block-image\">\n<figure class=\"aligncenter size-full is-resized\"><a href=\"https:\/\/lazio.cultura.gov.it\/wp-content\/uploads\/2025\/06\/1513605383560_Panoramica_Palazzo_S_Felice.jpg\"><img loading=\"lazy\" decoding=\"async\" width=\"1000\" height=\"278\" src=\"https:\/\/lazio.cultura.gov.it\/wp-content\/uploads\/2025\/06\/1513605383560_Panoramica_Palazzo_S_Felice.jpg\" alt=\"\" class=\"wp-image-9579\" style=\"width:797px;height:auto\" srcset=\"https:\/\/lazio.cultura.gov.it\/wp-content\/uploads\/2025\/06\/1513605383560_Panoramica_Palazzo_S_Felice.jpg 1000w, https:\/\/lazio.cultura.gov.it\/wp-content\/uploads\/2025\/06\/1513605383560_Panoramica_Palazzo_S_Felice-300x83.jpg 300w, https:\/\/lazio.cultura.gov.it\/wp-content\/uploads\/2025\/06\/1513605383560_Panoramica_Palazzo_S_Felice-768x214.jpg 768w, https:\/\/lazio.cultura.gov.it\/wp-content\/uploads\/2025\/06\/1513605383560_Panoramica_Palazzo_S_Felice-260x72.jpg 260w, https:\/\/lazio.cultura.gov.it\/wp-content\/uploads\/2025\/06\/1513605383560_Panoramica_Palazzo_S_Felice-50x14.jpg 50w, https:\/\/lazio.cultura.gov.it\/wp-content\/uploads\/2025\/06\/1513605383560_Panoramica_Palazzo_S_Felice-150x42.jpg 150w\" sizes=\"(max-width: 1000px) 100vw, 1000px\" \/><\/a><\/figure><\/div>\n\n\n<div class=\"wp-block-columns is-layout-flex wp-container-core-columns-is-layout-8 wp-block-columns-is-layout-flex\"><\/div>\n\n\n\n<div class=\"wp-block-columns is-layout-flex wp-container-core-columns-is-layout-9 wp-block-columns-is-layout-flex\"><\/div>\n\n\n\n<p><\/p>\n\n\n\n<p><\/p>\n\n\n\n<p>Al suo interno sono conservate due emergenze monumentali di interesse archeologico e storico-artistico: il Sepolcro dei Semproni, monumento romano di et\u00e0 tardorepubblicana databile alla seconda met\u00e0 del I secolo a.C. e scoperto nel corso degli scavi per la fondazione degli edifici eretti nel 1863, e un ciclo di dipinti murali del XVI sec., scoperti nel 2012, che decora uno spazio pertinente in origine ad un piccolo oratorio, probabilmente connesso alle strutture conventuali cinquecentesche. Altre numerose testimonianze archeologiche attestate nell\u2019area di Palazzo San Felice sono state rinvenute nei lavori di scavo e nei saggi condotti sia nei cortili sia all\u2019interno degli edifici che compongono il complesso e con <span style=\"text-decoration: underline;\">decreto n. 215\/2024 della Commissione Regionale per il patrimonio culturale<\/span> \u00e8 stata disposta la rimozione di alcune strutture murarie antiche ex art. 21 del D.Lgs 42\/2004, &#8211; riferite forse a un antico edificio templare di epoca severiana -, per i lavori di restauro del complesso di S. Felice finalizzati alla realizzazione di un polo culturale e all\u2019allestimento della nuova sede della Biblioteca Nazionale di Archeologia e Storia dell\u2019Arte di Roma.<\/p>\n\n\n\n<div class=\"wp-block-columns is-layout-flex wp-container-core-columns-is-layout-10 wp-block-columns-is-layout-flex\"><\/div>\n\n\n\n<p>Nel 2017 e nel 2019 sono stati sottoscritti accordi tra l\u2019attuale Ministero della Cultura e l\u2019Agenzia del Demanio proprio per disciplinare le modalit\u00e0 e le procedure di attuazione dell\u2019intervento denominato \u201c<em>Restauro e allestimento nuova sede Biblioteca Nazionale di Archeologia e Storia dell\u2019Arte<\/em>\u201d e in base alla convenzione firmata per la valorizzazione di Palazzo San Felice, l\u2019edificio, pur rimanendo in dotazione al Quirinale, sar\u00e0 affidato al Ministero, che gestir\u00e0 la nuova BIASA per 25 anni.<\/p>\n\n\n\n<div class=\"wp-block-columns is-layout-flex wp-container-core-columns-is-layout-11 wp-block-columns-is-layout-flex\"><\/div>\n\n\n\n<div class=\"wp-block-columns is-layout-flex wp-container-core-columns-is-layout-12 wp-block-columns-is-layout-flex\"><\/div>\n\n\n\n<p>Punto di riferimento&nbsp;nazionale e internazionale per la documentazione sui beni culturali, la Biblioteca di Archeologia e Storia dell\u2019Arte custodisce&nbsp;<strong>una delle collezioni pi\u00f9 autorevoli&nbsp;<\/strong>in Europa per chi si occupa di storia dell\u2019arte, archeologia, architettura e urbanistica.<br>Ospitata per oltre un secolo a&nbsp;<strong>Palazzo Venezia<\/strong>, la Biblioteca conta oggi oltre 350.000 unit\u00e0 bibliografiche: monografie, periodici, manoscritti, fotografie, stampe, carte geografiche, disegni tecnici e materiali iconografici che coprono un arco temporale vastissimo, dall\u2019antichit\u00e0 al mondo contemporaneo.<\/p>\n\n\n\n<div class=\"wp-block-columns is-layout-flex wp-container-core-columns-is-layout-13 wp-block-columns-is-layout-flex\"><\/div>\n\n\n\n<p><\/p>\n\n\n<div class=\"wp-block-image\">\n<figure class=\"alignleft size-large is-resized\"><a href=\"https:\/\/lazio.cultura.gov.it\/wp-content\/uploads\/2025\/06\/Presentazione-del-progetto-per-il-nuovo-polo-bibliotecario-e-culturale-di-Palazzo-San-Felice-bis-13.webp\"><img loading=\"lazy\" decoding=\"async\" width=\"1024\" height=\"993\" src=\"https:\/\/lazio.cultura.gov.it\/wp-content\/uploads\/2025\/06\/Presentazione-del-progetto-per-il-nuovo-polo-bibliotecario-e-culturale-di-Palazzo-San-Felice-bis-13-1024x993.webp\" alt=\"\" class=\"wp-image-9574\" style=\"width:335px;height:auto\" srcset=\"https:\/\/lazio.cultura.gov.it\/wp-content\/uploads\/2025\/06\/Presentazione-del-progetto-per-il-nuovo-polo-bibliotecario-e-culturale-di-Palazzo-San-Felice-bis-13-1024x993.webp 1024w, https:\/\/lazio.cultura.gov.it\/wp-content\/uploads\/2025\/06\/Presentazione-del-progetto-per-il-nuovo-polo-bibliotecario-e-culturale-di-Palazzo-San-Felice-bis-13-300x291.webp 300w, https:\/\/lazio.cultura.gov.it\/wp-content\/uploads\/2025\/06\/Presentazione-del-progetto-per-il-nuovo-polo-bibliotecario-e-culturale-di-Palazzo-San-Felice-bis-13-768x744.webp 768w, https:\/\/lazio.cultura.gov.it\/wp-content\/uploads\/2025\/06\/Presentazione-del-progetto-per-il-nuovo-polo-bibliotecario-e-culturale-di-Palazzo-San-Felice-bis-13-151x146.webp 151w, https:\/\/lazio.cultura.gov.it\/wp-content\/uploads\/2025\/06\/Presentazione-del-progetto-per-il-nuovo-polo-bibliotecario-e-culturale-di-Palazzo-San-Felice-bis-13-50x48.webp 50w, https:\/\/lazio.cultura.gov.it\/wp-content\/uploads\/2025\/06\/Presentazione-del-progetto-per-il-nuovo-polo-bibliotecario-e-culturale-di-Palazzo-San-Felice-bis-13-77x75.webp 77w, https:\/\/lazio.cultura.gov.it\/wp-content\/uploads\/2025\/06\/Presentazione-del-progetto-per-il-nuovo-polo-bibliotecario-e-culturale-di-Palazzo-San-Felice-bis-13.webp 1500w\" sizes=\"(max-width: 1024px) 100vw, 1024px\" \/><\/a><figcaption class=\"wp-element-caption\">Presentazione del progetto<\/figcaption><\/figure><\/div>\n\n\n<p>Il trasferimento della Biblioteca di Archeologia e Storia dell&#8217;Arte al rinnovato Palazzo San Felice \u00e8 molto pi\u00f9 che un trasloco, \u00e8 anche una&nbsp;<strong>ridefinizione culturale e funzionale<\/strong>&nbsp;che apre la biblioteca a una nuova dimensione pubblica.<br>Il progetto architettonico firmato da&nbsp;<strong>Mario Botta&nbsp;<\/strong>apre lo spazio a&nbsp;<strong>nuove funzioni e modalit\u00e0 di fruizione<\/strong>, immaginando una biblioteca del futuro.&nbsp;<\/p>\n\n\n\n<div class=\"wp-block-columns is-layout-flex wp-container-core-columns-is-layout-14 wp-block-columns-is-layout-flex\"><\/div>\n\n\n\n<p>In&nbsp;<strong>attesa dell&#8217;apertura definitiva della Biblioteca<\/strong>, dal 14 giugno al 28 dicembre 2025, ogni fine settimana, il&nbsp;<strong>palazzo aprir\u00e0 le sue porte al pubblico svelando i retroscena di un cantiere e il \u201cdietro le quinte\u201d di un luogo della cultura che sta rinascendo<\/strong>.<br>Un percorso immersivo, attraverso installazioni digitali, contenuti multimediali e spazi interattivi, racconter\u00e0 il progetto in trasformazione con u<strong>no sguardo sul passato, una fotografia del presente e l&#8217;idea di futuro<\/strong>. In particolare, una sezione&nbsp;<em>ad hoc<\/em>&nbsp;presenter\u00e0 il progetto architettonico della futura sede della Biblioteca di Archeologia e Storia dell&#8217;Arte.<\/p>\n\n\n\n<div class=\"wp-block-columns is-layout-flex wp-container-core-columns-is-layout-15 wp-block-columns-is-layout-flex\"><\/div>\n\n\n\n<p><\/p>\n\n\n\n<p>Informazioni per la prenotazione della visita gratuita presso Palazzo San Felice di Roma sono disponibili alla pagina<strong> <a href=\"https:\/\/www.culturaincantiere.it\/it?utm_source=SNaPAC%3A+la+newsletter&amp;utm_campaign=0d14af0e32-EMAIL_CAMPAIGN_20250606_culturaincantiere&amp;utm_medium=email&amp;utm_term=0_-bcdba663a5-614666474\" data-type=\"link\" data-id=\"https:\/\/www.culturaincantiere.it\/it?utm_source=SNaPAC%3A+la+newsletter&amp;utm_campaign=0d14af0e32-EMAIL_CAMPAIGN_20250606_culturaincantiere&amp;utm_medium=email&amp;utm_term=0_-bcdba663a5-614666474\" target=\"_blank\" rel=\"noreferrer noopener\">culturaincantiere.it<\/a><\/strong><\/p>\n\n\n\n<div class=\"wp-block-columns is-layout-flex wp-container-core-columns-is-layout-16 wp-block-columns-is-layout-flex\"><\/div>\n\n\n\n<div class=\"wp-block-columns is-layout-flex wp-container-core-columns-is-layout-17 wp-block-columns-is-layout-flex\"><\/div>\n\n\n\n<div class=\"wp-block-columns is-layout-flex wp-container-core-columns-is-layout-18 wp-block-columns-is-layout-flex\"><\/div>\n\n\n\n<div class=\"wp-block-columns is-layout-flex wp-container-core-columns-is-layout-19 wp-block-columns-is-layout-flex\"><\/div>\n\n\n\n<p><\/p>\n\n\n\n<p><\/p>\n\n\n\n<p><strong><a href=\"https:\/\/cultura.gov.it\/comunicato\/27706\" data-type=\"link\" data-id=\"https:\/\/cultura.gov.it\/comunicato\/27706\" target=\"_blank\" rel=\"noreferrer noopener\">Comunicato stampa MIC &#8211; 13\/06\/2025: Cerimonia di inaugurazione del nuovo percorso di visita a Palazzo San Felice<\/a><\/strong><\/p>\n\n\n\n<div class=\"wp-block-columns is-layout-flex wp-container-core-columns-is-layout-20 wp-block-columns-is-layout-flex\"><\/div>\n\n\n\n<div class=\"wp-block-columns is-layout-flex wp-container-core-columns-is-layout-21 wp-block-columns-is-layout-flex\"><\/div>\n\n\n\n<div class=\"wp-block-columns is-layout-flex wp-container-core-columns-is-layout-22 wp-block-columns-is-layout-flex\"><\/div>\n\n\n<p><iframe loading=\"lazy\" width=\"640\" height=\"480\" src=\"https:\/\/www.youtube.com\/embed\/AmUxDhsZbd4?si=iJE_bDGvR9MG_Ssb\" title=\"YouTube video player\" frameborder=\"0\" allow=\"accelerometer; autoplay; clipboard-write; encrypted-media; gyroscope; picture-in-picture; web-share\" referrerpolicy=\"strict-origin-when-cross-origin\" allowfullscreen><\/iframe><\/p>\n\n\n\n<p>Video realizzato in occasione della cerimonia di inaugurazione del nuovo percorso di visita a Palazzo San Felice.<\/p>\n","protected":false},"excerpt":{"rendered":"<p>Cultura in cantiere Palazzo San Felice a Roma si prepara a diventare nuovo polo culturale nonch\u00e9 futura sede della Biblioteca di Archeologia e Storia dell\u2019Arte (BIASA).&nbsp;Convento [&hellip;]<\/p>\n","protected":false},"author":7,"featured_media":9577,"comment_status":"open","ping_status":"open","sticky":false,"template":"","format":"standard","meta":{"footnotes":""},"categories":[55],"tags":[],"class_list":["post-9565","post","type-post","status-publish","format-standard","has-post-thumbnail","hentry","category-s21-newsprimapagina"],"_links":{"self":[{"href":"https:\/\/lazio.cultura.gov.it\/index.php?rest_route=\/wp\/v2\/posts\/9565"}],"collection":[{"href":"https:\/\/lazio.cultura.gov.it\/index.php?rest_route=\/wp\/v2\/posts"}],"about":[{"href":"https:\/\/lazio.cultura.gov.it\/index.php?rest_route=\/wp\/v2\/types\/post"}],"author":[{"embeddable":true,"href":"https:\/\/lazio.cultura.gov.it\/index.php?rest_route=\/wp\/v2\/users\/7"}],"replies":[{"embeddable":true,"href":"https:\/\/lazio.cultura.gov.it\/index.php?rest_route=%2Fwp%2Fv2%2Fcomments&post=9565"}],"version-history":[{"count":28,"href":"https:\/\/lazio.cultura.gov.it\/index.php?rest_route=\/wp\/v2\/posts\/9565\/revisions"}],"predecessor-version":[{"id":9663,"href":"https:\/\/lazio.cultura.gov.it\/index.php?rest_route=\/wp\/v2\/posts\/9565\/revisions\/9663"}],"wp:featuredmedia":[{"embeddable":true,"href":"https:\/\/lazio.cultura.gov.it\/index.php?rest_route=\/wp\/v2\/media\/9577"}],"wp:attachment":[{"href":"https:\/\/lazio.cultura.gov.it\/index.php?rest_route=%2Fwp%2Fv2%2Fmedia&parent=9565"}],"wp:term":[{"taxonomy":"category","embeddable":true,"href":"https:\/\/lazio.cultura.gov.it\/index.php?rest_route=%2Fwp%2Fv2%2Fcategories&post=9565"},{"taxonomy":"post_tag","embeddable":true,"href":"https:\/\/lazio.cultura.gov.it\/index.php?rest_route=%2Fwp%2Fv2%2Ftags&post=9565"}],"curies":[{"name":"wp","href":"https:\/\/api.w.org\/{rel}","templated":true}]}}