{"id":9524,"date":"2025-05-31T07:50:56","date_gmt":"2025-05-31T05:50:56","guid":{"rendered":"https:\/\/lazio.cultura.gov.it\/?p=9524"},"modified":"2025-06-18T07:17:34","modified_gmt":"2025-06-18T05:17:34","slug":"villa-sciarra-accordo-di-valorizzazione","status":"publish","type":"post","link":"https:\/\/lazio.cultura.gov.it\/?p=9524","title":{"rendered":"Villa Sciarra, Accordo di Valorizzazione"},"content":{"rendered":"\n<div class=\"wp-block-columns is-layout-flex wp-container-core-columns-is-layout-1 wp-block-columns-is-layout-flex\"><\/div>\n\n\n\n<div class=\"wp-block-columns is-layout-flex wp-container-core-columns-is-layout-2 wp-block-columns-is-layout-flex\"><\/div>\n\n\n\n<p>Il 15 maggio scorso \u00e8 stato firmato l\u2019<strong>Accordo di Valorizzazione di Villa Sciarra <\/strong>tra il Segretariato Regionale per il Lazio, l\u2019amministrazione di Roma Capitale e l\u2019Agenzia del Demanio.<\/p>\n\n\n\n<div class=\"wp-block-columns is-layout-flex wp-container-core-columns-is-layout-3 wp-block-columns-is-layout-flex\"><\/div>\n\n\n<div class=\"wp-block-image\">\n<figure class=\"alignleft size-full is-resized\"><a href=\"https:\/\/lazio.cultura.gov.it\/wp-content\/uploads\/2025\/05\/DSC_2311_2.jpg\"><img loading=\"lazy\" decoding=\"async\" width=\"1600\" height=\"1067\" src=\"https:\/\/lazio.cultura.gov.it\/wp-content\/uploads\/2025\/05\/DSC_2311_2.jpg\" alt=\"\" class=\"wp-image-9535\" style=\"width:257px;height:auto\" srcset=\"https:\/\/lazio.cultura.gov.it\/wp-content\/uploads\/2025\/05\/DSC_2311_2.jpg 1600w, https:\/\/lazio.cultura.gov.it\/wp-content\/uploads\/2025\/05\/DSC_2311_2-300x200.jpg 300w, https:\/\/lazio.cultura.gov.it\/wp-content\/uploads\/2025\/05\/DSC_2311_2-1024x683.jpg 1024w, https:\/\/lazio.cultura.gov.it\/wp-content\/uploads\/2025\/05\/DSC_2311_2-768x512.jpg 768w, https:\/\/lazio.cultura.gov.it\/wp-content\/uploads\/2025\/05\/DSC_2311_2-1536x1024.jpg 1536w, https:\/\/lazio.cultura.gov.it\/wp-content\/uploads\/2025\/05\/DSC_2311_2-219x146.jpg 219w, https:\/\/lazio.cultura.gov.it\/wp-content\/uploads\/2025\/05\/DSC_2311_2-50x33.jpg 50w, https:\/\/lazio.cultura.gov.it\/wp-content\/uploads\/2025\/05\/DSC_2311_2-112x75.jpg 112w\" sizes=\"(max-width: 1600px) 100vw, 1600px\" \/><\/a><\/figure><\/div>\n\n\n<p>L\u2019accordo di Valorizzazione si \u00e8 reso necessario per dare piena attuazione al piano integrato di interventi di manutenzione ordinaria e straordinaria previsto nel <strong>Programma di valorizzazione<\/strong> del bene.<\/p>\n\n\n\n<div class=\"wp-block-columns is-layout-flex wp-container-core-columns-is-layout-4 wp-block-columns-is-layout-flex\"><\/div>\n\n\n\n<div class=\"wp-block-group is-nowrap is-layout-flex wp-container-core-group-is-layout-1 wp-block-group-is-layout-flex\">\n<p>Gi\u00e0 vincolato con notifica del 28\/05\/1913, il complesso di Villa Sciarra, autentico gioiello dal punto di vista storico-artistico, molto amato dai cittadini romani, si estende su di una superficie di 70.000 mq di giardino, nel quale sorgono alcuni edifici e arredi architettonici, fontane monumentali e gruppi scultorei realizzati in varie epoche, in particolare risalenti all\u2019ultimo proprietario del complesso, George Wurtz e sua moglie Henrietta Tower, che scelsero la villa al Gianicolo come luogo di delizie, e la trasformarono secondo un gusto neobarocco, d\u2019impronta americana, conferendole l\u2019aspetto che ancora oggi la caratterizza.<\/p>\n<\/div>\n\n\n\n<div class=\"wp-block-columns is-layout-flex wp-container-core-columns-is-layout-5 wp-block-columns-is-layout-flex\"><\/div>\n\n\n\n<p>Nel 1930 il complesso fu donato dalla moglie rimasta vedova allo Stato italiano, ponendo la condizione che fosse destinato a parco pubblico e tuttora Roma Capitale continua a gestire la villa.<\/p>\n\n\n\n<div class=\"wp-block-columns is-layout-flex wp-container-core-columns-is-layout-6 wp-block-columns-is-layout-flex\"><\/div>\n\n\n<div class=\"wp-block-image\">\n<figure class=\"alignright size-large is-resized\"><a href=\"https:\/\/lazio.cultura.gov.it\/wp-content\/uploads\/2025\/05\/DSC_2298.jpg\"><img loading=\"lazy\" decoding=\"async\" width=\"1024\" height=\"681\" src=\"https:\/\/lazio.cultura.gov.it\/wp-content\/uploads\/2025\/05\/DSC_2298-1024x681.jpg\" alt=\"\" class=\"wp-image-9540\" style=\"width:254px;height:auto\" srcset=\"https:\/\/lazio.cultura.gov.it\/wp-content\/uploads\/2025\/05\/DSC_2298-1024x681.jpg 1024w, https:\/\/lazio.cultura.gov.it\/wp-content\/uploads\/2025\/05\/DSC_2298-300x200.jpg 300w, https:\/\/lazio.cultura.gov.it\/wp-content\/uploads\/2025\/05\/DSC_2298-768x511.jpg 768w, https:\/\/lazio.cultura.gov.it\/wp-content\/uploads\/2025\/05\/DSC_2298-1536x1021.jpg 1536w, https:\/\/lazio.cultura.gov.it\/wp-content\/uploads\/2025\/05\/DSC_2298-220x146.jpg 220w, https:\/\/lazio.cultura.gov.it\/wp-content\/uploads\/2025\/05\/DSC_2298-50x33.jpg 50w, https:\/\/lazio.cultura.gov.it\/wp-content\/uploads\/2025\/05\/DSC_2298-113x75.jpg 113w, https:\/\/lazio.cultura.gov.it\/wp-content\/uploads\/2025\/05\/DSC_2298.jpg 1600w\" sizes=\"(max-width: 1024px) 100vw, 1024px\" \/><\/a><\/figure><\/div>\n\n\n<p>Tuttavia, il complesso presentava talune criticit\u00e0 strutturali che, oltre a non permettere una totale fruibilit\u00e0 in sicurezza, impedivano una completa tutela, conservazione e valorizzazione del bene architettonico monumentale e paesaggistico. Solo a seguito della piena acquisizione del bene al patrimonio di Roma Capitale sar\u00e0 possibile intraprendere le azioni strutturali pi\u00f9 adeguate per una <em>coerente, coordinata e programmata attivit\u00e0 di <\/em><em>studio, prevenzione, manutenzione e restauro<\/em> secondo quanto previsto dall\u2019 art. 29 del Codice dei Beni Culturali e del Paesaggio.<\/p>\n\n\n\n<div class=\"wp-block-columns is-layout-flex wp-container-core-columns-is-layout-7 wp-block-columns-is-layout-flex\"><\/div>\n\n\n\n<p>Ai sensi dell\u2019art. 5 comma 5 del D.lgs n. 8\/2010 (c.d. <strong><a href=\"https:\/\/lazio.cultura.gov.it\/?page_id=4755\" data-type=\"link\" data-id=\"https:\/\/lazio.cultura.gov.it\/?page_id=4755\">federalismo culturale<\/a><\/strong>), il trasferimento a titolo non oneroso della propriet\u00e0 di Villa Sciarra consegue all\u2019Accordo di Valorizzazione recentemente sottoscritto, e giunge a conclusione di un lungo iter procedurale iniziato con il primo Tavolo tecnico convocato il 14 gennaio 2020 durante il quale \u00e8 stata approvata la cessione della Villa e  avviata la redazione del  Programma di Valorizzazione con l\u2019 obiettivo primario di mantenere l\u2019attuale uso pubblico e la fruizione del parco attraverso un piano integrato di interventi finalizzati alla risoluzione delle criticit\u00e0 determinate dal rischio idrogeologico nonch\u00e9 alla piena fruizione, utilizzazione e valorizzazione di immobili e spazi aperti.<\/p>\n\n\n\n<p>Attraverso una costante attivit\u00e0 di monitoraggio, il Ministero della Cultura e la Soprintendenza competente verificheranno periodicamente il raggiungimento degli obiettivi e la gestione efficace e sostenibile del bene, in base al suddetto programma di valorizzazione.<\/p>\n\n\n\n<p><\/p>\n","protected":false},"excerpt":{"rendered":"<p>Il 15 maggio scorso \u00e8 stato firmato l\u2019Accordo di Valorizzazione di Villa Sciarra tra il Segretariato Regionale per il Lazio, l\u2019amministrazione di Roma Capitale e l\u2019Agenzia [&hellip;]<\/p>\n","protected":false},"author":7,"featured_media":9545,"comment_status":"open","ping_status":"open","sticky":false,"template":"","format":"standard","meta":{"footnotes":""},"categories":[55],"tags":[],"class_list":["post-9524","post","type-post","status-publish","format-standard","has-post-thumbnail","hentry","category-s21-newsprimapagina"],"_links":{"self":[{"href":"https:\/\/lazio.cultura.gov.it\/index.php?rest_route=\/wp\/v2\/posts\/9524"}],"collection":[{"href":"https:\/\/lazio.cultura.gov.it\/index.php?rest_route=\/wp\/v2\/posts"}],"about":[{"href":"https:\/\/lazio.cultura.gov.it\/index.php?rest_route=\/wp\/v2\/types\/post"}],"author":[{"embeddable":true,"href":"https:\/\/lazio.cultura.gov.it\/index.php?rest_route=\/wp\/v2\/users\/7"}],"replies":[{"embeddable":true,"href":"https:\/\/lazio.cultura.gov.it\/index.php?rest_route=%2Fwp%2Fv2%2Fcomments&post=9524"}],"version-history":[{"count":17,"href":"https:\/\/lazio.cultura.gov.it\/index.php?rest_route=\/wp\/v2\/posts\/9524\/revisions"}],"predecessor-version":[{"id":9643,"href":"https:\/\/lazio.cultura.gov.it\/index.php?rest_route=\/wp\/v2\/posts\/9524\/revisions\/9643"}],"wp:featuredmedia":[{"embeddable":true,"href":"https:\/\/lazio.cultura.gov.it\/index.php?rest_route=\/wp\/v2\/media\/9545"}],"wp:attachment":[{"href":"https:\/\/lazio.cultura.gov.it\/index.php?rest_route=%2Fwp%2Fv2%2Fmedia&parent=9524"}],"wp:term":[{"taxonomy":"category","embeddable":true,"href":"https:\/\/lazio.cultura.gov.it\/index.php?rest_route=%2Fwp%2Fv2%2Fcategories&post=9524"},{"taxonomy":"post_tag","embeddable":true,"href":"https:\/\/lazio.cultura.gov.it\/index.php?rest_route=%2Fwp%2Fv2%2Ftags&post=9524"}],"curies":[{"name":"wp","href":"https:\/\/api.w.org\/{rel}","templated":true}]}}